{"id":5559,"date":"2025-04-25T12:43:38","date_gmt":"2025-04-25T10:43:38","guid":{"rendered":"https:\/\/barcelona.servihonda.es\/em1-e-torna-a-guanyar-lif-design-award-2\/"},"modified":"2025-04-25T12:43:38","modified_gmt":"2025-04-25T10:43:38","slug":"em1-e-torna-a-guanyar-lif-design-award-2","status":"publish","type":"post","link":"https:\/\/barcelona.servihonda.es\/ca\/em1-e-torna-a-guanyar-lif-design-award-2\/","title":{"rendered":"EM1 e: torna a guanyar l&#8217;iF Design Award"},"content":{"rendered":"<article class=\"w-full text-token-text-primary focus-visible:outline-2 focus-visible:outline-offset-[-4px]\" dir=\"auto\" data-testid=\"conversation-turn-9\" data-scroll-anchor=\"false\">\n<div class=\"text-base my-auto mx-auto py-[18px] px-6\">\n<div class=\"mx-auto flex flex-1 text-base gap-4 md:gap-5 lg:gap-6 md:max-w-3xl\">\n<div class=\"group\/conversation-turn relative flex w-full min-w-0 flex-col agent-turn @xs\/thread:px-0 @sm\/thread:px-1.5 @md\/thread:px-4\">\n<div class=\"flex-col gap-1 md:gap-3\">\n<div class=\"flex max-w-full flex-col flex-grow\">\n<div class=\"min-h-8 text-message relative flex w-full flex-col items-end gap-2 whitespace-normal break-words text-start [.text-message+&amp;]:mt-5\" dir=\"auto\" data-message-author-role=\"assistant\" data-message-id=\"b6c21095-a8a2-4671-9b23-fe4849e7d6f3\" data-message-model-slug=\"gpt-4o\">\n<div class=\"flex w-full flex-col gap-1 empty:hidden first:pt-[3px]\">\n<div class=\"markdown prose w-full break-words dark:prose-invert light\">\n<article class=\"w-full text-token-text-primary focus-visible:outline-2 focus-visible:outline-offset-[-4px]\" dir=\"auto\" data-testid=\"conversation-turn-9\" data-scroll-anchor=\"false\">\n<div class=\"text-base my-auto mx-auto py-[18px] px-6\">\n<div class=\"mx-auto flex flex-1 text-base gap-4 md:gap-5 lg:gap-6 md:max-w-3xl\">\n<div class=\"group\/conversation-turn relative flex w-full min-w-0 flex-col agent-turn @xs\/thread:px-0 @sm\/thread:px-1.5 @md\/thread:px-4\">\n<div class=\"flex-col gap-1 md:gap-3\">\n<div class=\"flex max-w-full flex-col flex-grow\">\n<div class=\"min-h-8 text-message relative flex w-full flex-col items-end gap-2 whitespace-normal break-words text-start [.text-message+&amp;]:mt-5\" dir=\"auto\" data-message-author-role=\"assistant\" data-message-id=\"b6c21095-a8a2-4671-9b23-fe4849e7d6f3\" data-message-model-slug=\"gpt-4o\">\n<div class=\"flex w-full flex-col gap-1 empty:hidden first:pt-[3px]\">\n<div class=\"markdown prose w-full break-words dark:prose-invert light\">\n<h2><strong>El primer scooter el\u00e8ctric d&#8217;Honda m\u00e9s reconegut a Europa<\/strong><\/h2>\n<p>Despr\u00e9s de la conquista del Red Dot Award el 2024, l\u00b4Honda EM1 e: suma al seu historial el premi iF Design Award, un dels premis m\u00e9s importants de disseny del m\u00f3n al sector d&#8217;automoci\u00f3. Amb aquest npu reconeixement, Honda reafirma novament la seva aposta per la mobilitat sostenible i segura. <\/p>\n<h3><strong>Disseny pensat en el teu<\/strong><\/h3>\n<p>L&#8217;Em1 e: no \u00e9s nom\u00e9s un scooter el\u00e8ctric, \u00e9s una experi\u00e8ncia pensada per adaptar-se a la teva vida di\u00e0ria. \u00c9s lleuger, compacte i c\u00f2mode, ideal per als que busquen un transport eficient, silenciosos i 100% ecol\u00f2gic. <\/p>\n<p>El seu disseny di\u00e0fan, fons pla i seient baix fan que l&#8217;EM1 sigui accessible per a totes les altures i mides. A m\u00e9s, la seva silueta neta i simple projecta una imatge del futur de la mobilitat urbana. <\/p>\n<h3>Mobilitat el\u00e8ctrica amb tecnologia Honda<\/h3>\n<p>L&#8217;EM1 e: \u00e9s impulsat per l&#8217;innovador Honda Mobile Power Pack e:, una bateria intercanviable que permet una c\u00e0rrega f\u00e0cil i una autonomia perfecta per als despla\u00e7aments diaris. Gr\u00e0cies a la distribuci\u00f3 optimitzada dels seus components, el conjunt \u00e9s especialment manejable i pr\u00e0ctic, ideal per a qualsevol persona que busque una alternativa urbana ecol\u00f2gica i c\u00f2moda. <\/p>\n<h3>Contacte<\/h3>\n<p>Prepara&#8217;t per moure&#8217;t amb intel\u00b7lig\u00e8ncia, estil i zero emissions. Truca&#8217;ns al Truca&#8217;ns al 952 36 33 00 o visita la nostra web per a m\u00e9s informaci\u00f3: <a href=\"https:\/\/barcelona.servihonda.es\/es\/compra-tu-honda-em1-e-125\/\">https:\/\/barcelona.servihonda.es\/es\/compra-tu-honda-em1-e-125\/<\/a> <\/p>\n<\/div>\n<\/div>\n<\/div>\n<\/div>\n<\/div>\n<\/div>\n<\/div>\n<\/div>\n<\/article>\n<\/div>\n<\/div>\n<\/div>\n<\/div>\n<\/div>\n<\/div>\n<\/div>\n<\/div>\n<\/article>\n","protected":false},"excerpt":{"rendered":"<p>El primer scooter el\u00e8ctric d&#8217;Honda m\u00e9s reconegut a Europa Despr\u00e9s de la conquista del Red Dot Award el 2024, l\u00b4Honda EM1 e: suma al seu historial el premi iF Design Award, un dels premis m\u00e9s importants de disseny del m\u00f3n al sector d&#8217;automoci\u00f3. Amb aquest npu reconeixement, Honda reafirma novament la seva aposta per la&#8230;<\/p>\n","protected":false},"author":1,"featured_media":5551,"comment_status":"closed","ping_status":"closed","sticky":false,"template":"","format":"standard","meta":{"_acf_changed":false,"footnotes":""},"categories":[405],"tags":[],"class_list":["post-5559","post","type-post","status-publish","format-standard","has-post-thumbnail","hentry","category-blog"],"acf":[],"yoast_head":"<!-- This site is optimized with the Yoast SEO plugin v27.5 - https:\/\/yoast.com\/product\/yoast-seo-wordpress\/ -->\n<title>EM1 e: torna a guanyar l&#039;iF Design Award<\/title>\n<meta name=\"description\" content=\"EM1 e: torna a guanyar l&#039;iF Design Award\" \/>\n<meta name=\"robots\" content=\"index, follow, max-snippet:-1, max-image-preview:large, max-video-preview:-1\" \/>\n<link rel=\"canonical\" href=\"https:\/\/barcelona.servihonda.es\/ca\/em1-e-torna-a-guanyar-lif-design-award-2\/\" \/>\n<meta property=\"og:locale\" content=\"ca_ES\" \/>\n<meta property=\"og:type\" content=\"article\" \/>\n<meta property=\"og:title\" content=\"EM1 e: torna a guanyar l&#039;iF Design Award\" \/>\n<meta property=\"og:description\" content=\"EM1 e: torna a guanyar l&#039;iF Design Award\" \/>\n<meta property=\"og:url\" content=\"https:\/\/barcelona.servihonda.es\/ca\/em1-e-torna-a-guanyar-lif-design-award-2\/\" \/>\n<meta property=\"og:site_name\" content=\"Servihonda Barcelona\" \/>\n<meta property=\"article:published_time\" content=\"2025-04-25T10:43:38+00:00\" \/>\n<meta property=\"og:image\" content=\"https:\/\/barcelona.servihonda.es\/wp-content\/uploads\/2025\/10\/c_2025-04-10eng_02-_1_.jpg\" \/>\n\t<meta property=\"og:image:width\" content=\"980\" \/>\n\t<meta property=\"og:image:height\" content=\"551\" \/>\n\t<meta property=\"og:image:type\" content=\"image\/jpeg\" \/>\n<meta name=\"author\" content=\"admin_solbyte\" \/>\n<meta name=\"twitter:card\" content=\"summary_large_image\" \/>\n<meta name=\"twitter:label1\" content=\"Escrit per\" \/>\n\t<meta name=\"twitter:data1\" content=\"admin_solbyte\" \/>\n\t<meta name=\"twitter:label2\" content=\"Temps estimat de lectura\" \/>\n\t<meta name=\"twitter:data2\" content=\"1 minut\" \/>\n<script type=\"application\/ld+json\" class=\"yoast-schema-graph\">{\"@context\":\"https:\\\/\\\/schema.org\",\"@graph\":[{\"@type\":\"Article\",\"@id\":\"https:\\\/\\\/barcelona.servihonda.es\\\/ca\\\/em1-e-torna-a-guanyar-lif-design-award-2\\\/#article\",\"isPartOf\":{\"@id\":\"https:\\\/\\\/barcelona.servihonda.es\\\/ca\\\/em1-e-torna-a-guanyar-lif-design-award-2\\\/\"},\"author\":{\"name\":\"admin_solbyte\",\"@id\":\"https:\\\/\\\/barcelona.servihonda.es\\\/ca\\\/#\\\/schema\\\/person\\\/b088e98ec16e7b8567544de9564df77a\"},\"headline\":\"EM1 e: torna a guanyar l&#8217;iF Design Award\",\"datePublished\":\"2025-04-25T10:43:38+00:00\",\"mainEntityOfPage\":{\"@id\":\"https:\\\/\\\/barcelona.servihonda.es\\\/ca\\\/em1-e-torna-a-guanyar-lif-design-award-2\\\/\"},\"wordCount\":270,\"publisher\":{\"@id\":\"https:\\\/\\\/barcelona.servihonda.es\\\/ca\\\/#organization\"},\"image\":{\"@id\":\"https:\\\/\\\/barcelona.servihonda.es\\\/ca\\\/em1-e-torna-a-guanyar-lif-design-award-2\\\/#primaryimage\"},\"thumbnailUrl\":\"https:\\\/\\\/barcelona.servihonda.es\\\/wp-content\\\/uploads\\\/2025\\\/10\\\/c_2025-04-10eng_02-_1_.jpg\",\"articleSection\":[\"Blog\"],\"inLanguage\":\"ca\"},{\"@type\":\"WebPage\",\"@id\":\"https:\\\/\\\/barcelona.servihonda.es\\\/ca\\\/em1-e-torna-a-guanyar-lif-design-award-2\\\/\",\"url\":\"https:\\\/\\\/barcelona.servihonda.es\\\/ca\\\/em1-e-torna-a-guanyar-lif-design-award-2\\\/\",\"name\":\"EM1 e: torna a guanyar l'iF Design Award\",\"isPartOf\":{\"@id\":\"https:\\\/\\\/barcelona.servihonda.es\\\/ca\\\/#website\"},\"primaryImageOfPage\":{\"@id\":\"https:\\\/\\\/barcelona.servihonda.es\\\/ca\\\/em1-e-torna-a-guanyar-lif-design-award-2\\\/#primaryimage\"},\"image\":{\"@id\":\"https:\\\/\\\/barcelona.servihonda.es\\\/ca\\\/em1-e-torna-a-guanyar-lif-design-award-2\\\/#primaryimage\"},\"thumbnailUrl\":\"https:\\\/\\\/barcelona.servihonda.es\\\/wp-content\\\/uploads\\\/2025\\\/10\\\/c_2025-04-10eng_02-_1_.jpg\",\"datePublished\":\"2025-04-25T10:43:38+00:00\",\"description\":\"EM1 e: torna a guanyar l'iF Design Award\",\"breadcrumb\":{\"@id\":\"https:\\\/\\\/barcelona.servihonda.es\\\/ca\\\/em1-e-torna-a-guanyar-lif-design-award-2\\\/#breadcrumb\"},\"inLanguage\":\"ca\",\"potentialAction\":[{\"@type\":\"ReadAction\",\"target\":[\"https:\\\/\\\/barcelona.servihonda.es\\\/ca\\\/em1-e-torna-a-guanyar-lif-design-award-2\\\/\"]}]},{\"@type\":\"ImageObject\",\"inLanguage\":\"ca\",\"@id\":\"https:\\\/\\\/barcelona.servihonda.es\\\/ca\\\/em1-e-torna-a-guanyar-lif-design-award-2\\\/#primaryimage\",\"url\":\"https:\\\/\\\/barcelona.servihonda.es\\\/wp-content\\\/uploads\\\/2025\\\/10\\\/c_2025-04-10eng_02-_1_.jpg\",\"contentUrl\":\"https:\\\/\\\/barcelona.servihonda.es\\\/wp-content\\\/uploads\\\/2025\\\/10\\\/c_2025-04-10eng_02-_1_.jpg\",\"width\":980,\"height\":551,\"caption\":\"EM1 e: torna a guanyar l'iF Design Award\"},{\"@type\":\"BreadcrumbList\",\"@id\":\"https:\\\/\\\/barcelona.servihonda.es\\\/ca\\\/em1-e-torna-a-guanyar-lif-design-award-2\\\/#breadcrumb\",\"itemListElement\":[{\"@type\":\"ListItem\",\"position\":1,\"name\":\"Portada\",\"item\":\"https:\\\/\\\/barcelona.servihonda.es\\\/ca\\\/\"},{\"@type\":\"ListItem\",\"position\":2,\"name\":\"EM1 e: torna a guanyar l&#8217;iF Design Award\"}]},{\"@type\":\"WebSite\",\"@id\":\"https:\\\/\\\/barcelona.servihonda.es\\\/ca\\\/#website\",\"url\":\"https:\\\/\\\/barcelona.servihonda.es\\\/ca\\\/\",\"name\":\"Servihonda Barcelona\",\"description\":\"\",\"publisher\":{\"@id\":\"https:\\\/\\\/barcelona.servihonda.es\\\/ca\\\/#organization\"},\"potentialAction\":[{\"@type\":\"SearchAction\",\"target\":{\"@type\":\"EntryPoint\",\"urlTemplate\":\"https:\\\/\\\/barcelona.servihonda.es\\\/ca\\\/?s={search_term_string}\"},\"query-input\":{\"@type\":\"PropertyValueSpecification\",\"valueRequired\":true,\"valueName\":\"search_term_string\"}}],\"inLanguage\":\"ca\"},{\"@type\":\"Organization\",\"@id\":\"https:\\\/\\\/barcelona.servihonda.es\\\/ca\\\/#organization\",\"name\":\"Servihonda Barcelona\",\"url\":\"https:\\\/\\\/barcelona.servihonda.es\\\/ca\\\/\",\"logo\":{\"@type\":\"ImageObject\",\"inLanguage\":\"ca\",\"@id\":\"https:\\\/\\\/barcelona.servihonda.es\\\/ca\\\/#\\\/schema\\\/logo\\\/image\\\/\",\"url\":\"https:\\\/\\\/barcelona.servihonda.es\\\/wp-content\\\/uploads\\\/2025\\\/09\\\/logo-servihonda.png\",\"contentUrl\":\"https:\\\/\\\/barcelona.servihonda.es\\\/wp-content\\\/uploads\\\/2025\\\/09\\\/logo-servihonda.png\",\"width\":253,\"height\":72,\"caption\":\"Servihonda Barcelona\"},\"image\":{\"@id\":\"https:\\\/\\\/barcelona.servihonda.es\\\/ca\\\/#\\\/schema\\\/logo\\\/image\\\/\"}},{\"@type\":\"Person\",\"@id\":\"https:\\\/\\\/barcelona.servihonda.es\\\/ca\\\/#\\\/schema\\\/person\\\/b088e98ec16e7b8567544de9564df77a\",\"name\":\"admin_solbyte\",\"image\":{\"@type\":\"ImageObject\",\"inLanguage\":\"ca\",\"@id\":\"https:\\\/\\\/secure.gravatar.com\\\/avatar\\\/edd888738bb98bddffbea2c50034264e135aaa1849baae74099aa811d4485252?s=96&d=mm&r=g\",\"url\":\"https:\\\/\\\/secure.gravatar.com\\\/avatar\\\/edd888738bb98bddffbea2c50034264e135aaa1849baae74099aa811d4485252?s=96&d=mm&r=g\",\"contentUrl\":\"https:\\\/\\\/secure.gravatar.com\\\/avatar\\\/edd888738bb98bddffbea2c50034264e135aaa1849baae74099aa811d4485252?s=96&d=mm&r=g\",\"caption\":\"admin_solbyte\"},\"sameAs\":[\"https:\\\/\\\/barcelona.servihonda.es\"]}]}<\/script>\n<!-- \/ Yoast SEO plugin. -->","yoast_head_json":{"title":"EM1 e: torna a guanyar l'iF Design Award","description":"EM1 e: torna a guanyar l'iF Design Award","robots":{"index":"index","follow":"follow","max-snippet":"max-snippet:-1","max-image-preview":"max-image-preview:large","max-video-preview":"max-video-preview:-1"},"canonical":"https:\/\/barcelona.servihonda.es\/ca\/em1-e-torna-a-guanyar-lif-design-award-2\/","og_locale":"ca_ES","og_type":"article","og_title":"EM1 e: torna a guanyar l'iF Design Award","og_description":"EM1 e: torna a guanyar l'iF Design Award","og_url":"https:\/\/barcelona.servihonda.es\/ca\/em1-e-torna-a-guanyar-lif-design-award-2\/","og_site_name":"Servihonda Barcelona","article_published_time":"2025-04-25T10:43:38+00:00","og_image":[{"width":980,"height":551,"url":"https:\/\/barcelona.servihonda.es\/wp-content\/uploads\/2025\/10\/c_2025-04-10eng_02-_1_.jpg","type":"image\/jpeg"}],"author":"admin_solbyte","twitter_card":"summary_large_image","twitter_misc":{"Escrit per":"admin_solbyte","Temps estimat de lectura":"1 minut"},"schema":{"@context":"https:\/\/schema.org","@graph":[{"@type":"Article","@id":"https:\/\/barcelona.servihonda.es\/ca\/em1-e-torna-a-guanyar-lif-design-award-2\/#article","isPartOf":{"@id":"https:\/\/barcelona.servihonda.es\/ca\/em1-e-torna-a-guanyar-lif-design-award-2\/"},"author":{"name":"admin_solbyte","@id":"https:\/\/barcelona.servihonda.es\/ca\/#\/schema\/person\/b088e98ec16e7b8567544de9564df77a"},"headline":"EM1 e: torna a guanyar l&#8217;iF Design Award","datePublished":"2025-04-25T10:43:38+00:00","mainEntityOfPage":{"@id":"https:\/\/barcelona.servihonda.es\/ca\/em1-e-torna-a-guanyar-lif-design-award-2\/"},"wordCount":270,"publisher":{"@id":"https:\/\/barcelona.servihonda.es\/ca\/#organization"},"image":{"@id":"https:\/\/barcelona.servihonda.es\/ca\/em1-e-torna-a-guanyar-lif-design-award-2\/#primaryimage"},"thumbnailUrl":"https:\/\/barcelona.servihonda.es\/wp-content\/uploads\/2025\/10\/c_2025-04-10eng_02-_1_.jpg","articleSection":["Blog"],"inLanguage":"ca"},{"@type":"WebPage","@id":"https:\/\/barcelona.servihonda.es\/ca\/em1-e-torna-a-guanyar-lif-design-award-2\/","url":"https:\/\/barcelona.servihonda.es\/ca\/em1-e-torna-a-guanyar-lif-design-award-2\/","name":"EM1 e: torna a guanyar l'iF Design Award","isPartOf":{"@id":"https:\/\/barcelona.servihonda.es\/ca\/#website"},"primaryImageOfPage":{"@id":"https:\/\/barcelona.servihonda.es\/ca\/em1-e-torna-a-guanyar-lif-design-award-2\/#primaryimage"},"image":{"@id":"https:\/\/barcelona.servihonda.es\/ca\/em1-e-torna-a-guanyar-lif-design-award-2\/#primaryimage"},"thumbnailUrl":"https:\/\/barcelona.servihonda.es\/wp-content\/uploads\/2025\/10\/c_2025-04-10eng_02-_1_.jpg","datePublished":"2025-04-25T10:43:38+00:00","description":"EM1 e: torna a guanyar l'iF Design Award","breadcrumb":{"@id":"https:\/\/barcelona.servihonda.es\/ca\/em1-e-torna-a-guanyar-lif-design-award-2\/#breadcrumb"},"inLanguage":"ca","potentialAction":[{"@type":"ReadAction","target":["https:\/\/barcelona.servihonda.es\/ca\/em1-e-torna-a-guanyar-lif-design-award-2\/"]}]},{"@type":"ImageObject","inLanguage":"ca","@id":"https:\/\/barcelona.servihonda.es\/ca\/em1-e-torna-a-guanyar-lif-design-award-2\/#primaryimage","url":"https:\/\/barcelona.servihonda.es\/wp-content\/uploads\/2025\/10\/c_2025-04-10eng_02-_1_.jpg","contentUrl":"https:\/\/barcelona.servihonda.es\/wp-content\/uploads\/2025\/10\/c_2025-04-10eng_02-_1_.jpg","width":980,"height":551,"caption":"EM1 e: torna a guanyar l'iF Design Award"},{"@type":"BreadcrumbList","@id":"https:\/\/barcelona.servihonda.es\/ca\/em1-e-torna-a-guanyar-lif-design-award-2\/#breadcrumb","itemListElement":[{"@type":"ListItem","position":1,"name":"Portada","item":"https:\/\/barcelona.servihonda.es\/ca\/"},{"@type":"ListItem","position":2,"name":"EM1 e: torna a guanyar l&#8217;iF Design Award"}]},{"@type":"WebSite","@id":"https:\/\/barcelona.servihonda.es\/ca\/#website","url":"https:\/\/barcelona.servihonda.es\/ca\/","name":"Servihonda Barcelona","description":"","publisher":{"@id":"https:\/\/barcelona.servihonda.es\/ca\/#organization"},"potentialAction":[{"@type":"SearchAction","target":{"@type":"EntryPoint","urlTemplate":"https:\/\/barcelona.servihonda.es\/ca\/?s={search_term_string}"},"query-input":{"@type":"PropertyValueSpecification","valueRequired":true,"valueName":"search_term_string"}}],"inLanguage":"ca"},{"@type":"Organization","@id":"https:\/\/barcelona.servihonda.es\/ca\/#organization","name":"Servihonda Barcelona","url":"https:\/\/barcelona.servihonda.es\/ca\/","logo":{"@type":"ImageObject","inLanguage":"ca","@id":"https:\/\/barcelona.servihonda.es\/ca\/#\/schema\/logo\/image\/","url":"https:\/\/barcelona.servihonda.es\/wp-content\/uploads\/2025\/09\/logo-servihonda.png","contentUrl":"https:\/\/barcelona.servihonda.es\/wp-content\/uploads\/2025\/09\/logo-servihonda.png","width":253,"height":72,"caption":"Servihonda Barcelona"},"image":{"@id":"https:\/\/barcelona.servihonda.es\/ca\/#\/schema\/logo\/image\/"}},{"@type":"Person","@id":"https:\/\/barcelona.servihonda.es\/ca\/#\/schema\/person\/b088e98ec16e7b8567544de9564df77a","name":"admin_solbyte","image":{"@type":"ImageObject","inLanguage":"ca","@id":"https:\/\/secure.gravatar.com\/avatar\/edd888738bb98bddffbea2c50034264e135aaa1849baae74099aa811d4485252?s=96&d=mm&r=g","url":"https:\/\/secure.gravatar.com\/avatar\/edd888738bb98bddffbea2c50034264e135aaa1849baae74099aa811d4485252?s=96&d=mm&r=g","contentUrl":"https:\/\/secure.gravatar.com\/avatar\/edd888738bb98bddffbea2c50034264e135aaa1849baae74099aa811d4485252?s=96&d=mm&r=g","caption":"admin_solbyte"},"sameAs":["https:\/\/barcelona.servihonda.es"]}]}},"_links":{"self":[{"href":"https:\/\/barcelona.servihonda.es\/ca\/wp-json\/wp\/v2\/posts\/5559","targetHints":{"allow":["GET"]}}],"collection":[{"href":"https:\/\/barcelona.servihonda.es\/ca\/wp-json\/wp\/v2\/posts"}],"about":[{"href":"https:\/\/barcelona.servihonda.es\/ca\/wp-json\/wp\/v2\/types\/post"}],"author":[{"embeddable":true,"href":"https:\/\/barcelona.servihonda.es\/ca\/wp-json\/wp\/v2\/users\/1"}],"replies":[{"embeddable":true,"href":"https:\/\/barcelona.servihonda.es\/ca\/wp-json\/wp\/v2\/comments?post=5559"}],"version-history":[{"count":0,"href":"https:\/\/barcelona.servihonda.es\/ca\/wp-json\/wp\/v2\/posts\/5559\/revisions"}],"wp:featuredmedia":[{"embeddable":true,"href":"https:\/\/barcelona.servihonda.es\/ca\/wp-json\/wp\/v2\/media\/5551"}],"wp:attachment":[{"href":"https:\/\/barcelona.servihonda.es\/ca\/wp-json\/wp\/v2\/media?parent=5559"}],"wp:term":[{"taxonomy":"category","embeddable":true,"href":"https:\/\/barcelona.servihonda.es\/ca\/wp-json\/wp\/v2\/categories?post=5559"},{"taxonomy":"post_tag","embeddable":true,"href":"https:\/\/barcelona.servihonda.es\/ca\/wp-json\/wp\/v2\/tags?post=5559"}],"curies":[{"name":"wp","href":"https:\/\/api.w.org\/{rel}","templated":true}]}}